{"id":5272,"date":"2022-09-09T15:17:36","date_gmt":"2022-09-09T13:17:36","guid":{"rendered":"https:\/\/www.direnergy.net\/?p=5272"},"modified":"2024-03-01T07:52:39","modified_gmt":"2024-03-01T06:52:39","slug":"instalacion-solar-autoconsumo-vall-uixo","status":"publish","type":"post","link":"https:\/\/www.direnergy.net\/index.php\/blog\/instalacion-solar-autoconsumo-vall-uixo\/","title":{"rendered":"Instalaci\u00f3n solar para autoconsumo Vall d\u2019Uix\u00f3"},"content":{"rendered":"\t\t<div data-elementor-type=\"wp-post\" data-elementor-id=\"5272\" class=\"elementor elementor-5272\" data-elementor-post-type=\"post\">\n\t\t\t\t\t\t<section class=\"elementor-section elementor-top-section elementor-element elementor-element-fc3bc5e elementor-section-boxed elementor-section-height-default elementor-section-height-default\" data-id=\"fc3bc5e\" data-element_type=\"section\">\n\t\t\t\t\t\t<div class=\"elementor-container elementor-column-gap-default\">\n\t\t\t\t\t<div class=\"elementor-column elementor-col-100 elementor-top-column elementor-element elementor-element-c3a59aa\" data-id=\"c3a59aa\" data-element_type=\"column\">\n\t\t\t<div class=\"elementor-widget-wrap elementor-element-populated\">\n\t\t\t\t\t\t<div class=\"elementor-element elementor-element-23bdee1 elementor-widget elementor-widget-text-editor\" data-id=\"23bdee1\" data-element_type=\"widget\" data-widget_type=\"text-editor.default\">\n\t\t\t\t<div class=\"elementor-widget-container\">\n\t\t\t\t\t\t\t\t\t<p><span style=\"color: #3089e9;\"><a style=\"color: #3089e9;\" href=\"https:\/\/www.direnergy.net\/\">DIRENERGY<\/a> <\/span>sigue sumando instalaciones en la provincia de <span style=\"color: #000000;\"><a style=\"color: #000000;\" href=\"https:\/\/www.castellonturismo.com\/\">Castell\u00f3n<\/a><\/span>, transformando as\u00ed las costumbres de consumo de la poblaci\u00f3n de esta provincia.<\/p><p>Existen diferentes tipos de instalaciones en cuanto a fijaci\u00f3n de las estructuras met\u00e1licas para la colocaci\u00f3n de los paneles. Normalmente, nuestras viviendas est\u00e1n techadas con teja de arcilla, aunque tambi\u00e9n existen cubiertas de chapa met\u00e1lica.<\/p><p>Es el caso de la \u00faltima instalaci\u00f3n, localizada en la Vall d\u2019Uix\u00f3, cubierta la cual es de chapa met\u00e1lica grecada. Las estructuras, por tanto, est\u00e1n fijadas a las correas met\u00e1licas estructurales mediante tornillos roscachapa autoperforantes con arandela de goma estanca.<\/p><p>Las estructuras met\u00e1licas para las placas solares tienen una inclinaci\u00f3n de 30\u00ba, para permitir obtener un mejor rendimiento, en cuanto a producci\u00f3n solar en invierno.<\/p>\t\t\t\t\t\t\t\t<\/div>\n\t\t\t\t<\/div>\n\t\t\t\t\t<\/div>\n\t\t<\/div>\n\t\t\t\t\t<\/div>\n\t\t<\/section>\n\t\t\t\t<section class=\"elementor-section elementor-top-section elementor-element elementor-element-3711ab6 elementor-section-boxed elementor-section-height-default elementor-section-height-default\" data-id=\"3711ab6\" data-element_type=\"section\">\n\t\t\t\t\t\t<div class=\"elementor-container elementor-column-gap-default\">\n\t\t\t\t\t<div class=\"elementor-column elementor-col-100 elementor-top-column elementor-element elementor-element-14cb27b\" data-id=\"14cb27b\" data-element_type=\"column\">\n\t\t\t<div class=\"elementor-widget-wrap elementor-element-populated\">\n\t\t\t\t\t\t<div class=\"elementor-element elementor-element-d47439d elementor-arrows-position-inside elementor-pagination-position-outside elementor-widget elementor-widget-image-carousel\" data-id=\"d47439d\" data-element_type=\"widget\" data-settings=\"{&quot;slides_to_show&quot;:&quot;1&quot;,&quot;navigation&quot;:&quot;both&quot;,&quot;autoplay&quot;:&quot;yes&quot;,&quot;pause_on_hover&quot;:&quot;yes&quot;,&quot;pause_on_interaction&quot;:&quot;yes&quot;,&quot;autoplay_speed&quot;:5000,&quot;infinite&quot;:&quot;yes&quot;,&quot;effect&quot;:&quot;slide&quot;,&quot;speed&quot;:500}\" data-widget_type=\"image-carousel.default\">\n\t\t\t\t<div class=\"elementor-widget-container\">\n\t\t\t\t\t\t\t<div class=\"elementor-image-carousel-wrapper swiper\" role=\"region\" aria-roledescription=\"carousel\" aria-label=\"Carrusel de im\u00e1genes\" dir=\"ltr\">\n\t\t\t<div class=\"elementor-image-carousel swiper-wrapper\" aria-live=\"off\">\n\t\t\t\t\t\t\t\t<div class=\"swiper-slide\" role=\"group\" aria-roledescription=\"slide\" aria-label=\"1 de 9\"><figure class=\"swiper-slide-inner\"><img decoding=\"async\" class=\"swiper-slide-image\" src=\"https:\/\/www.direnergy.net\/wp-content\/uploads\/elementor\/thumbs\/1662716641680-pxw5mjvyodh6y56abqk08is069ks8rhfiw3sv99szk.jpg\" alt=\"modulos-solares-estructura-chapa-metalica-castellon\" \/><figcaption class=\"elementor-image-carousel-caption\">Placas solares sobre cubierta de chapa met\u00e1lica.<\/figcaption><\/figure><\/div><div class=\"swiper-slide\" role=\"group\" aria-roledescription=\"slide\" aria-label=\"2 de 9\"><figure class=\"swiper-slide-inner\"><img decoding=\"async\" class=\"swiper-slide-image\" src=\"https:\/\/www.direnergy.net\/wp-content\/uploads\/elementor\/thumbs\/1662716704707-pxw5ohg0q44etad91kmed1844s1y2d5kggdqdqeo74.jpg\" alt=\"placas-solares-inclinadas-30-castellon\" \/><figcaption class=\"elementor-image-carousel-caption\">Montaje estructuras triangulares 30\u00ba sobre chapa met\u00e1lica.<\/figcaption><\/figure><\/div><div class=\"swiper-slide\" role=\"group\" aria-roledescription=\"slide\" aria-label=\"3 de 9\"><figure class=\"swiper-slide-inner\"><img decoding=\"async\" class=\"swiper-slide-image\" src=\"https:\/\/www.direnergy.net\/wp-content\/uploads\/elementor\/thumbs\/1662716641723-pxw5nq6p7x33glgugqu7uq3qwlsav55copgngpj37k.jpg\" alt=\"placas-solares-fotovolataicas-autoconsumo-hogar-castellon\" \/><figcaption class=\"elementor-image-carousel-caption\">Vista de la cubierta.<\/figcaption><\/figure><\/div><div class=\"swiper-slide\" role=\"group\" aria-roledescription=\"slide\" aria-label=\"4 de 9\"><figure class=\"swiper-slide-inner\"><img decoding=\"async\" class=\"swiper-slide-image\" src=\"https:\/\/www.direnergy.net\/wp-content\/uploads\/elementor\/thumbs\/1662716641766-pxw5p7ri1h4fudb0rvzyaul0rkg81w21w2nbthbncw.jpg\" alt=\"instalacion-placas-fotovoltaicas-chapa-metalica-castellon\" \/><figcaption class=\"elementor-image-carousel-caption\">M\u00f3dulos solares sobre estructuras triangulares 30\u00ba.<\/figcaption><\/figure><\/div><div class=\"swiper-slide\" role=\"group\" aria-roledescription=\"slide\" aria-label=\"5 de 9\"><figure class=\"swiper-slide-inner\"><img decoding=\"async\" class=\"swiper-slide-image\" src=\"https:\/\/www.direnergy.net\/wp-content\/uploads\/elementor\/thumbs\/image00006-pub6ozmcu1sw6rfi0ncfzmee76s5nw6o55ywevnxfk.jpeg\" alt=\"fotografia-estructuras-placa-solar-chapa-metalica\" \/><figcaption class=\"elementor-image-carousel-caption\">Placas solares sobre estructuras triangulares 30\u00ba.<\/figcaption><\/figure><\/div><div class=\"swiper-slide\" role=\"group\" aria-roledescription=\"slide\" aria-label=\"6 de 9\"><figure class=\"swiper-slide-inner\"><img decoding=\"async\" class=\"swiper-slide-image\" src=\"https:\/\/www.direnergy.net\/wp-content\/uploads\/elementor\/thumbs\/image00005-pub6p4bjs7zbst8o97dku37p644zqdpbtt8bt9gykg.jpeg\" alt=\"instalaciones-fotovoltaicas-placas-solares-triangulares-estructuras-30\u00ba\" \/><figcaption class=\"elementor-image-carousel-caption\">Perfiles para el levantamiento de la estructura triangular 30\u00ba. Evita sombras.<\/figcaption><\/figure><\/div><div class=\"swiper-slide\" role=\"group\" aria-roledescription=\"slide\" aria-label=\"7 de 9\"><figure class=\"swiper-slide-inner\"><img decoding=\"async\" class=\"swiper-slide-image\" src=\"https:\/\/www.direnergy.net\/wp-content\/uploads\/elementor\/thumbs\/1662716641843-pxw5kxlywn9eybixs1d4xxhfcdk0zj22mvnp43o7pc.jpg\" alt=\"paneles-solares-cubierta-chapa-metalica-castellon\" \/><figcaption class=\"elementor-image-carousel-caption\">Vista en planta de la instalaci\u00f3n.<\/figcaption><\/figure><\/div><div class=\"swiper-slide\" role=\"group\" aria-roledescription=\"slide\" aria-label=\"8 de 9\"><figure class=\"swiper-slide-inner\"><img decoding=\"async\" class=\"swiper-slide-image\" src=\"https:\/\/www.direnergy.net\/wp-content\/uploads\/elementor\/thumbs\/image00004-pub6oux5vvmgkpmbs3bb55l389fbleo0giph0huwao.jpeg\" alt=\"paneles-solares-cubierta-chapa-estructura-triangular\" \/><figcaption class=\"elementor-image-carousel-caption\">Vista en planta de los paneles solares sobre las estructuras met\u00e1licas triangulares 30\u00ba.<\/figcaption><\/figure><\/div><div class=\"swiper-slide\" role=\"group\" aria-roledescription=\"slide\" aria-label=\"9 de 9\"><figure class=\"swiper-slide-inner\"><img decoding=\"async\" class=\"swiper-slide-image\" src=\"https:\/\/www.direnergy.net\/wp-content\/uploads\/elementor\/thumbs\/1662716641588-pxw5kxlywn9eybixs1d4xxhfcdk0zj22mvnp43o7pc.jpg\" alt=\"inversor-solis-6-kw-castellon\" \/><figcaption class=\"elementor-image-carousel-caption\">Inversor Solis y cuadro de protecciones.<\/figcaption><\/figure><\/div>\t\t\t<\/div>\n\t\t\t\t\t\t\t\t\t\t\t\t<div class=\"elementor-swiper-button elementor-swiper-button-prev\" role=\"button\" tabindex=\"0\">\n\t\t\t\t\t\t<i aria-hidden=\"true\" class=\"eicon-chevron-left\"><\/i>\t\t\t\t\t<\/div>\n\t\t\t\t\t<div class=\"elementor-swiper-button elementor-swiper-button-next\" role=\"button\" tabindex=\"0\">\n\t\t\t\t\t\t<i aria-hidden=\"true\" class=\"eicon-chevron-right\"><\/i>\t\t\t\t\t<\/div>\n\t\t\t\t\n\t\t\t\t\t\t\t\t\t<div class=\"swiper-pagination\"><\/div>\n\t\t\t\t\t\t\t\t\t<\/div>\n\t\t\t\t\t\t<\/div>\n\t\t\t\t<\/div>\n\t\t\t\t<div class=\"elementor-element elementor-element-4eca14a elementor-widget elementor-widget-text-editor\" data-id=\"4eca14a\" data-element_type=\"widget\" data-widget_type=\"text-editor.default\">\n\t\t\t\t<div class=\"elementor-widget-container\">\n\t\t\t\t\t\t\t\t\t<h2>Elementos de la instalaci\u00f3n<\/h2><ul><li><strong>Paneles solares:<\/strong><ul><li><strong>Strings<\/strong>: 2<\/li><li><strong>Cantidad<\/strong>: 6 + 6<\/li><li><strong>Modelo<\/strong>: <a href=\"https:\/\/www.hyundaisolar.com.au\/\">Hyundai VI 490W PERC Shingled<\/a>.<\/li><\/ul><\/li><li><strong>Caracter\u00edsticas<\/strong>: panel solar monocristalino. 490 W de media celda con marco plateado. Tecnolog\u00eda <em>Shingled<\/em> Hyundai, la cual aumenta la superficie activa de los paneles.<\/li><li><strong>Inversor solar:<\/strong> <span style=\"color: #3089e9;\"><a style=\"color: #3089e9;\" href=\"https:\/\/www.direnergy.net\/index.php\/producto\/inversor-solis-monofasico-6kw\/\">Solis monof\u00e1sico 1P6K 5G<\/a><\/span> con <span style=\"color: #3089e9;\"><a style=\"color: #3089e9;\" href=\"https:\/\/www.direnergy.net\/index.php\/producto\/dispositivo-comunicacion-solis-wifi\/\">wifi<\/a> <\/span>y <span style=\"color: #3089e9;\"><a style=\"color: #3089e9;\" href=\"https:\/\/www.direnergy.net\/index.php\/producto\/vatimetro-monofasico-solis-acr10r\/\">vat\u00edmetro<\/a><\/span>.<\/li><\/ul><h2>Caracter\u00edsticas de la instalaci\u00f3n solar<\/h2><ul><li><strong>Potencia total instalada: <\/strong>5.580 Wp<\/li><li><strong>Orientaci\u00f3n (azimuth):<\/strong> -15\u00ba y -15\u00ba<\/li><li><strong>Inclinaci\u00f3n:<\/strong> 25\u00ba y 35\u00ba<\/li><li><strong>Producci\u00f3n estimada: <\/strong>9.056 kWh<\/li><\/ul>\t\t\t\t\t\t\t\t<\/div>\n\t\t\t\t<\/div>\n\t\t\t\t\t<\/div>\n\t\t<\/div>\n\t\t\t\t\t<\/div>\n\t\t<\/section>\n\t\t\t\t<section class=\"elementor-section elementor-top-section elementor-element elementor-element-7a34d0b elementor-section-boxed elementor-section-height-default elementor-section-height-default\" data-id=\"7a34d0b\" data-element_type=\"section\">\n\t\t\t\t\t\t<div class=\"elementor-container elementor-column-gap-default\">\n\t\t\t\t\t<div class=\"elementor-column elementor-col-100 elementor-top-column elementor-element elementor-element-e61712b\" data-id=\"e61712b\" data-element_type=\"column\">\n\t\t\t<div class=\"elementor-widget-wrap elementor-element-populated\">\n\t\t\t\t\t\t<div class=\"elementor-element elementor-element-1f2a4e2 elementor-arrows-position-inside elementor-pagination-position-outside elementor-widget elementor-widget-image-carousel\" data-id=\"1f2a4e2\" data-element_type=\"widget\" data-settings=\"{&quot;slides_to_show&quot;:&quot;1&quot;,&quot;navigation&quot;:&quot;both&quot;,&quot;autoplay&quot;:&quot;yes&quot;,&quot;pause_on_hover&quot;:&quot;yes&quot;,&quot;pause_on_interaction&quot;:&quot;yes&quot;,&quot;autoplay_speed&quot;:5000,&quot;infinite&quot;:&quot;yes&quot;,&quot;effect&quot;:&quot;slide&quot;,&quot;speed&quot;:500}\" data-widget_type=\"image-carousel.default\">\n\t\t\t\t<div class=\"elementor-widget-container\">\n\t\t\t\t\t\t\t<div class=\"elementor-image-carousel-wrapper swiper\" role=\"region\" aria-roledescription=\"carousel\" aria-label=\"Carrusel de im\u00e1genes\" dir=\"ltr\">\n\t\t\t<div class=\"elementor-image-carousel swiper-wrapper\" aria-live=\"off\">\n\t\t\t\t\t\t\t\t<div class=\"swiper-slide\" role=\"group\" aria-roledescription=\"slide\" aria-label=\"1 de 1\"><figure class=\"swiper-slide-inner\"><img decoding=\"async\" class=\"swiper-slide-image\" src=\"https:\/\/www.direnergy.net\/wp-content\/uploads\/elementor\/thumbs\/Produccio_solar_anual_Vall_Uixo-e1662376384229-pubabbwoj08a463owzm1qqbfmoch0xmq2ams46emm8.png\" alt=\"produccion-anual-solar-grafica-castellon-borriol\" \/><figcaption class=\"elementor-image-carousel-caption\">Producci\u00f3n solar anual Vall d'Uix\u00f3.<\/figcaption><\/figure><\/div>\t\t\t<\/div>\n\t\t\t\t\t<\/div>\n\t\t\t\t\t\t<\/div>\n\t\t\t\t<\/div>\n\t\t\t\t\t<\/div>\n\t\t<\/div>\n\t\t\t\t\t<\/div>\n\t\t<\/section>\n\t\t\t\t<section class=\"elementor-section elementor-top-section elementor-element elementor-element-fba9491 elementor-section-boxed elementor-section-height-default elementor-section-height-default\" data-id=\"fba9491\" data-element_type=\"section\">\n\t\t\t\t\t\t<div class=\"elementor-container elementor-column-gap-default\">\n\t\t\t\t\t<div class=\"elementor-column elementor-col-100 elementor-top-column elementor-element elementor-element-a2b1a30\" data-id=\"a2b1a30\" data-element_type=\"column\">\n\t\t\t<div class=\"elementor-widget-wrap elementor-element-populated\">\n\t\t\t\t\t\t<div class=\"elementor-element elementor-element-b80f297 elementor-widget elementor-widget-text-editor\" data-id=\"b80f297\" data-element_type=\"widget\" data-widget_type=\"text-editor.default\">\n\t\t\t\t<div class=\"elementor-widget-container\">\n\t\t\t\t\t\t\t\t\t<h2>Subvenciones aplicables<\/h2><ul><li>Bonificaci\u00f3n del <strong>50% del IBI durante 3 a\u00f1os<\/strong> del ayuntamiento de Vall d\u2019Uix\u00f3.<\/li><li>Deducci\u00f3n del <strong>40% en la declaraci\u00f3n del IRPF<\/strong> para primeras residencias. Para saber m\u00e1s sobre c\u00f3mo se aplica la ayuda clica <span style=\"color: #3089e9;\"><a style=\"color: #3089e9;\" href=\"https:\/\/www.direnergy.net\/index.php\/blog\/manual-deduccion-ivace-renovables\/\">aqu\u00ed<\/a><\/span>.<\/li><\/ul><p>Gracias a las ayudas para la realizaci\u00f3n de instalaciones fotovoltaicas para autoconsumo, aportadas des del estado espa\u00f1ol, la sociedad de este pa\u00eds est\u00e1 cambiando sus costumbres en cuanto a consumo de energ\u00eda. Es as\u00ed, ya que se puede visualizar un aumento en la ejecuci\u00f3n de estas instalaciones durante el \u00faltimo a\u00f1o. En <span style=\"color: #3089e9;\"><a style=\"color: #3089e9;\" href=\"https:\/\/www.direnergy.net\/\">DIRENERGY<\/a><\/span>, hemos ido a horcajadas de este cambio energ\u00e9tico, optando por el trato personalizado para cada uno de los clientes que han confiado en nosotros. Nuestra experiencia, ayudara a resolver cualquier problema que pueda surgir durante la instalaci\u00f3n.<\/p><p>Si est\u00e1 pensando en instalar placas solares en su vivienda, no dude mas y <span style=\"color: #3089e9;\"><a style=\"color: #3089e9;\" href=\"https:\/\/www.direnergy.net\/index.php\/contacto\/\">contacte con nosotros<\/a><\/span>. Nos encargamos de la realizaci\u00f3n de la instalaci\u00f3n, la legalizaci\u00f3n de esta, as\u00ed como de la tramitaci\u00f3n de subvenciones y ayudas.<\/p>\t\t\t\t\t\t\t\t<\/div>\n\t\t\t\t<\/div>\n\t\t\t\t\t<\/div>\n\t\t<\/div>\n\t\t\t\t\t<\/div>\n\t\t<\/section>\n\t\t\t\t<\/div>\n\t\t","protected":false},"excerpt":{"rendered":"<p>Autoconsumo solar en Almazora. Estructura triangular 30\u00ba sobre chapa met\u00e1lica. 5,88 Wp instalados. Inversor Solis de 6 kW.<\/p>\n","protected":false},"author":7,"featured_media":5287,"comment_status":"open","ping_status":"open","sticky":false,"template":"","format":"standard","meta":{"ocean_post_layout":"","ocean_both_sidebars_style":"","ocean_both_sidebars_content_width":0,"ocean_both_sidebars_sidebars_width":0,"ocean_sidebar":"0","ocean_second_sidebar":"0","ocean_disable_margins":"enable","ocean_add_body_class":"","ocean_shortcode_before_top_bar":"","ocean_shortcode_after_top_bar":"","ocean_shortcode_before_header":"","ocean_shortcode_after_header":"","ocean_has_shortcode":"","ocean_shortcode_after_title":"","ocean_shortcode_before_footer_widgets":"","ocean_shortcode_after_footer_widgets":"","ocean_shortcode_before_footer_bottom":"","ocean_shortcode_after_footer_bottom":"","ocean_display_top_bar":"default","ocean_display_header":"default","ocean_header_style":"","ocean_center_header_left_menu":"0","ocean_custom_header_template":"0","ocean_custom_logo":0,"ocean_custom_retina_logo":0,"ocean_custom_logo_max_width":0,"ocean_custom_logo_tablet_max_width":0,"ocean_custom_logo_mobile_max_width":0,"ocean_custom_logo_max_height":0,"ocean_custom_logo_tablet_max_height":0,"ocean_custom_logo_mobile_max_height":0,"ocean_header_custom_menu":"0","ocean_menu_typo_font_family":"0","ocean_menu_typo_font_subset":"","ocean_menu_typo_font_size":0,"ocean_menu_typo_font_size_tablet":0,"ocean_menu_typo_font_size_mobile":0,"ocean_menu_typo_font_size_unit":"px","ocean_menu_typo_font_weight":"","ocean_menu_typo_font_weight_tablet":"","ocean_menu_typo_font_weight_mobile":"","ocean_menu_typo_transform":"","ocean_menu_typo_transform_tablet":"","ocean_menu_typo_transform_mobile":"","ocean_menu_typo_line_height":0,"ocean_menu_typo_line_height_tablet":0,"ocean_menu_typo_line_height_mobile":0,"ocean_menu_typo_line_height_unit":"","ocean_menu_typo_spacing":0,"ocean_menu_typo_spacing_tablet":0,"ocean_menu_typo_spacing_mobile":0,"ocean_menu_typo_spacing_unit":"","ocean_menu_link_color":"","ocean_menu_link_color_hover":"","ocean_menu_link_color_active":"","ocean_menu_link_background":"","ocean_menu_link_hover_background":"","ocean_menu_link_active_background":"","ocean_menu_social_links_bg":"","ocean_menu_social_hover_links_bg":"","ocean_menu_social_links_color":"","ocean_menu_social_hover_links_color":"","ocean_disable_title":"default","ocean_disable_heading":"default","ocean_post_title":"","ocean_post_subheading":"","ocean_post_title_style":"","ocean_post_title_background_color":"","ocean_post_title_background":0,"ocean_post_title_bg_image_position":"","ocean_post_title_bg_image_attachment":"","ocean_post_title_bg_image_repeat":"","ocean_post_title_bg_image_size":"","ocean_post_title_height":0,"ocean_post_title_bg_overlay":0.5,"ocean_post_title_bg_overlay_color":"","ocean_disable_breadcrumbs":"default","ocean_breadcrumbs_color":"","ocean_breadcrumbs_separator_color":"","ocean_breadcrumbs_links_color":"","ocean_breadcrumbs_links_hover_color":"","ocean_display_footer_widgets":"default","ocean_display_footer_bottom":"default","ocean_custom_footer_template":"0","_joinchat":[],"ocean_post_oembed":"","ocean_post_self_hosted_media":"","ocean_post_video_embed":"","ocean_link_format":"","ocean_link_format_target":"self","ocean_quote_format":"","ocean_quote_format_link":"post","ocean_gallery_link_images":"off","ocean_gallery_id":[],"footnotes":""},"categories":[119,81],"tags":[],"class_list":["post-5272","post","type-post","status-publish","format-standard","has-post-thumbnail","hentry","category-fotovoltaica-castellon","category-nuestras-instalaciones","entry","has-media","owp-thumbs-layout-horizontal","owp-btn-normal","owp-tabs-layout-horizontal","has-no-thumbnails","has-product-nav"],"_links":{"self":[{"href":"https:\/\/www.direnergy.net\/index.php\/wp-json\/wp\/v2\/posts\/5272","targetHints":{"allow":["GET"]}}],"collection":[{"href":"https:\/\/www.direnergy.net\/index.php\/wp-json\/wp\/v2\/posts"}],"about":[{"href":"https:\/\/www.direnergy.net\/index.php\/wp-json\/wp\/v2\/types\/post"}],"author":[{"embeddable":true,"href":"https:\/\/www.direnergy.net\/index.php\/wp-json\/wp\/v2\/users\/7"}],"replies":[{"embeddable":true,"href":"https:\/\/www.direnergy.net\/index.php\/wp-json\/wp\/v2\/comments?post=5272"}],"version-history":[{"count":13,"href":"https:\/\/www.direnergy.net\/index.php\/wp-json\/wp\/v2\/posts\/5272\/revisions"}],"predecessor-version":[{"id":5301,"href":"https:\/\/www.direnergy.net\/index.php\/wp-json\/wp\/v2\/posts\/5272\/revisions\/5301"}],"wp:featuredmedia":[{"embeddable":true,"href":"https:\/\/www.direnergy.net\/index.php\/wp-json\/wp\/v2\/media\/5287"}],"wp:attachment":[{"href":"https:\/\/www.direnergy.net\/index.php\/wp-json\/wp\/v2\/media?parent=5272"}],"wp:term":[{"taxonomy":"category","embeddable":true,"href":"https:\/\/www.direnergy.net\/index.php\/wp-json\/wp\/v2\/categories?post=5272"},{"taxonomy":"post_tag","embeddable":true,"href":"https:\/\/www.direnergy.net\/index.php\/wp-json\/wp\/v2\/tags?post=5272"}],"curies":[{"name":"wp","href":"https:\/\/api.w.org\/{rel}","templated":true}]}}