{"id":3604,"date":"2022-02-04T10:05:35","date_gmt":"2022-02-04T09:05:35","guid":{"rendered":"https:\/\/www.direnergy.net\/?p=3604"},"modified":"2024-03-01T08:13:48","modified_gmt":"2024-03-01T07:13:48","slug":"instalacion-solar-aislada-27-kw-borriol-castello","status":"publish","type":"post","link":"https:\/\/www.direnergy.net\/index.php\/blog\/instalacion-solar-aislada-27-kw-borriol-castello\/","title":{"rendered":"Instalaci\u00f3n solar aislada 2,7 kW Borriol (Castell\u00f3n)"},"content":{"rendered":"\t\t<div data-elementor-type=\"wp-post\" data-elementor-id=\"3604\" class=\"elementor elementor-3604\" data-elementor-post-type=\"post\">\n\t\t\t\t\t\t<section class=\"elementor-section elementor-top-section elementor-element elementor-element-5309578 elementor-section-boxed elementor-section-height-default elementor-section-height-default\" data-id=\"5309578\" data-element_type=\"section\">\n\t\t\t\t\t\t<div class=\"elementor-container elementor-column-gap-default\">\n\t\t\t\t\t<div class=\"elementor-column elementor-col-100 elementor-top-column elementor-element elementor-element-9942b8b\" data-id=\"9942b8b\" data-element_type=\"column\">\n\t\t\t<div class=\"elementor-widget-wrap elementor-element-populated\">\n\t\t\t\t\t\t<div class=\"elementor-element elementor-element-3e874c6 elementor-widget elementor-widget-text-editor\" data-id=\"3e874c6\" data-element_type=\"widget\" data-widget_type=\"text-editor.default\">\n\t\t\t\t<div class=\"elementor-widget-container\">\n\t\t\t\t\t\t\t\t\t<p class=\"MsoNormal\"><span style=\"font-size: 13.0pt; line-height: 107%;\">El infradimensionamiento de una instalaci\u00f3n de uso habitual hace que esta sea poco duradera en el tiempo. Esta vivienda localizada en <a href=\"http:\/\/www.borriol.es\/\"><span style=\"color: windowtext;\">Borriol<\/span><\/a>, uno de los pueblos mas ricos culturalmente hablando de la provincia de <a href=\"https:\/\/es.wikipedia.org\/wiki\/Castell%C3%B3n_de_la_Plana\"><span style=\"color: windowtext;\">Castell\u00f3n<\/span><\/a> (<a href=\"https:\/\/www.comunitatvalenciana.com\/es\/inicio\"><span style=\"color: windowtext;\">Comunidad Valenciana<\/span><\/a>), sufri\u00f3 un descenso en la eficiencia despu\u00e9s de tan solo 5 a\u00f1os. El nuevo dise\u00f1o, incorpora placas solares de \u00faltima tecnolog\u00eda con tecnolog\u00eda PERC y bater\u00edas de litio para poder ofrecer una buena respuesta durante el paso del tiempo.<\/span><\/p>\t\t\t\t\t\t\t\t<\/div>\n\t\t\t\t<\/div>\n\t\t\t\t\t<\/div>\n\t\t<\/div>\n\t\t\t\t\t<\/div>\n\t\t<\/section>\n\t\t\t\t<section class=\"elementor-section elementor-top-section elementor-element elementor-element-de184cc elementor-section-boxed elementor-section-height-default elementor-section-height-default\" data-id=\"de184cc\" data-element_type=\"section\">\n\t\t\t\t\t\t<div class=\"elementor-container elementor-column-gap-default\">\n\t\t\t\t\t<div class=\"elementor-column elementor-col-100 elementor-top-column elementor-element elementor-element-8f29b41\" data-id=\"8f29b41\" data-element_type=\"column\">\n\t\t\t<div class=\"elementor-widget-wrap elementor-element-populated\">\n\t\t\t\t\t\t<div class=\"elementor-element elementor-element-2decdc9 elementor-arrows-position-inside elementor-pagination-position-outside elementor-widget elementor-widget-image-carousel\" data-id=\"2decdc9\" data-element_type=\"widget\" data-settings=\"{&quot;slides_to_show&quot;:&quot;1&quot;,&quot;navigation&quot;:&quot;both&quot;,&quot;autoplay&quot;:&quot;yes&quot;,&quot;pause_on_hover&quot;:&quot;yes&quot;,&quot;pause_on_interaction&quot;:&quot;yes&quot;,&quot;autoplay_speed&quot;:5000,&quot;infinite&quot;:&quot;yes&quot;,&quot;effect&quot;:&quot;slide&quot;,&quot;speed&quot;:500}\" data-widget_type=\"image-carousel.default\">\n\t\t\t\t<div class=\"elementor-widget-container\">\n\t\t\t\t\t\t\t<div class=\"elementor-image-carousel-wrapper swiper\" role=\"region\" aria-roledescription=\"carousel\" aria-label=\"Carrusel de im\u00e1genes\" dir=\"ltr\">\n\t\t\t<div class=\"elementor-image-carousel swiper-wrapper\" aria-live=\"off\">\n\t\t\t\t\t\t\t\t<div class=\"swiper-slide\" role=\"group\" aria-roledescription=\"slide\" aria-label=\"1 de 3\"><figure class=\"swiper-slide-inner\"><img decoding=\"async\" class=\"swiper-slide-image\" src=\"https:\/\/www.direnergy.net\/wp-content\/uploads\/elementor\/thumbs\/1637657841629-pk0altqvfpqonyx9d5xgbbpnddh8mr3u3zz3m1iqkg.jpg\" alt=\"placas-solares-estructuras-met\u00e1licas-castell\u00f3n\" \/><figcaption class=\"elementor-image-carousel-caption\">Estructuras met\u00e1licas de bloques sobre hormig\u00f3n.<\/figcaption><\/figure><\/div><div class=\"swiper-slide\" role=\"group\" aria-roledescription=\"slide\" aria-label=\"2 de 3\"><figure class=\"swiper-slide-inner\"><img decoding=\"async\" class=\"swiper-slide-image\" src=\"https:\/\/www.direnergy.net\/wp-content\/uploads\/elementor\/thumbs\/1637657841649-pk0aln603vhoep6tfl32bvdf7odo4vdpr3ep93shs0.jpg\" alt=\"placas-solares-bloques-borriol\" \/><figcaption class=\"elementor-image-carousel-caption\">Disposici\u00f3n final de los paneles solares de 450 W de potencia.<\/figcaption><\/figure><\/div><div class=\"swiper-slide\" role=\"group\" aria-roledescription=\"slide\" aria-label=\"3 de 3\"><figure class=\"swiper-slide-inner\"><img decoding=\"async\" class=\"swiper-slide-image\" src=\"https:\/\/www.direnergy.net\/wp-content\/uploads\/elementor\/thumbs\/IMG_20210917_160650-pk0akzo1d0licg4y8sxe3jawd1lhsfsfbv3k96rc3k.jpg\" alt=\"placas-solares-borriol-castellon\" \/><figcaption class=\"elementor-image-carousel-caption\">M\u00f3dulos antiguos de 130 W.<\/figcaption><\/figure><\/div>\t\t\t<\/div>\n\t\t\t\t\t\t\t\t\t\t\t\t<div class=\"elementor-swiper-button elementor-swiper-button-prev\" role=\"button\" tabindex=\"0\">\n\t\t\t\t\t\t<i aria-hidden=\"true\" class=\"eicon-chevron-left\"><\/i>\t\t\t\t\t<\/div>\n\t\t\t\t\t<div class=\"elementor-swiper-button elementor-swiper-button-next\" role=\"button\" tabindex=\"0\">\n\t\t\t\t\t\t<i aria-hidden=\"true\" class=\"eicon-chevron-right\"><\/i>\t\t\t\t\t<\/div>\n\t\t\t\t\n\t\t\t\t\t\t\t\t\t<div class=\"swiper-pagination\"><\/div>\n\t\t\t\t\t\t\t\t\t<\/div>\n\t\t\t\t\t\t<\/div>\n\t\t\t\t<\/div>\n\t\t\t\t\t<\/div>\n\t\t<\/div>\n\t\t\t\t\t<\/div>\n\t\t<\/section>\n\t\t\t\t<section class=\"elementor-section elementor-top-section elementor-element elementor-element-8c9ea90 elementor-section-boxed elementor-section-height-default elementor-section-height-default\" data-id=\"8c9ea90\" data-element_type=\"section\">\n\t\t\t\t\t\t<div class=\"elementor-container elementor-column-gap-default\">\n\t\t\t\t\t<div class=\"elementor-column elementor-col-100 elementor-top-column elementor-element elementor-element-0c3a84e\" data-id=\"0c3a84e\" data-element_type=\"column\">\n\t\t\t<div class=\"elementor-widget-wrap elementor-element-populated\">\n\t\t\t\t\t\t<div class=\"elementor-element elementor-element-5ddea12 elementor-widget elementor-widget-text-editor\" data-id=\"5ddea12\" data-element_type=\"widget\" data-widget_type=\"text-editor.default\">\n\t\t\t\t<div class=\"elementor-widget-container\">\n\t\t\t\t\t\t\t\t\t<p>La instalaci\u00f3n se ha dimensionado para soportar <strong>dos d\u00edas sin producci\u00f3n solar<\/strong> durante el mes de <strong>diciembre<\/strong>.\u00a0<span style=\"font-size: 16px; color: var( --e-global-color-text );\">La instalaci\u00f3n es capaz de soportar los siguientes consumos:<\/span><\/p><ul><li><strong>6 bombillas<\/strong> durante <strong>4h\/d\u00eda<\/strong>.<\/li><li><strong>1 TV <\/strong>durante <strong>3h\/d\u00eda.<\/strong><\/li><li><strong>1 nevera<\/strong> de bajo consumo durante <strong>24h\/d\u00eda<\/strong>.<\/li><\/ul><h2>Elementos de la instalaci\u00f3n<\/h2><ul><li><strong>Paneles solares:<\/strong><ul><li><strong>Cantidad<\/strong>: 6<\/li><li><strong>Modelo<\/strong>: <a href=\"https:\/\/www.jasolar.com\/html\/spanish\/\">JA Solar JAM72S20-450<\/a><\/li><li><strong>Caracter\u00edsticas<\/strong>: m\u00f3dulos monocristalinos de media celda. Marco plateado. 450 W.<\/li><\/ul><\/li><li><strong>Inversor solar:<\/strong> <a href=\"https:\/\/www.direnergy.net\/index.php\/tienda\/\">Inversor Axpert VM III 5000 W 48 V<\/a><\/li><li><strong>Bater\u00edas:<\/strong><ul><li><strong>Cantidad:<\/strong> 2<\/li><li><strong>Tecnolog\u00eda:<\/strong> Litio (LiFePO4)<\/li><li><strong>Modelo:<\/strong> <span style=\"color: #3089e9;\"><a style=\"color: #3089e9;\" href=\"https:\/\/www.direnergy.net\/index.php\/producto\/bateria-litio-pylontech-us2000c-24-kwh-48-v\/\">Pylontech US2000C Plus 48 V<\/a><\/span><\/li><\/ul><\/li><\/ul><h2>Caracter\u00edsticas de la instalaci\u00f3n solar<\/h2><ul><li><strong>Potencia total instalada:<\/strong> 2.700Wp<\/li><li><strong>Orientaci\u00f3n (azimuth):<\/strong> -2\u00ba<\/li><li><strong>Inclinaci\u00f3n:<\/strong> 15\u00ba<\/li><li><strong>Producci\u00f3n estimada: <\/strong>3.916 kWh<\/li><\/ul>\t\t\t\t\t\t\t\t<\/div>\n\t\t\t\t<\/div>\n\t\t\t\t\t<\/div>\n\t\t<\/div>\n\t\t\t\t\t<\/div>\n\t\t<\/section>\n\t\t\t\t<section class=\"elementor-section elementor-top-section elementor-element elementor-element-7b1c71c elementor-section-boxed elementor-section-height-default elementor-section-height-default\" data-id=\"7b1c71c\" data-element_type=\"section\">\n\t\t\t\t\t\t<div class=\"elementor-container elementor-column-gap-default\">\n\t\t\t\t\t<div class=\"elementor-column elementor-col-100 elementor-top-column elementor-element elementor-element-d547a93\" data-id=\"d547a93\" data-element_type=\"column\">\n\t\t\t<div class=\"elementor-widget-wrap elementor-element-populated\">\n\t\t\t\t\t\t<div class=\"elementor-element elementor-element-6307e5b elementor-widget elementor-widget-image\" data-id=\"6307e5b\" data-element_type=\"widget\" data-widget_type=\"image.default\">\n\t\t\t\t<div class=\"elementor-widget-container\">\n\t\t\t\t\t\t\t\t\t\t\t\t<figure class=\"wp-caption\">\n\t\t\t\t\t\t\t\t\t\t<img fetchpriority=\"high\" decoding=\"async\" width=\"563\" height=\"257\" src=\"https:\/\/www.direnergy.net\/wp-content\/uploads\/2022\/02\/Produccio_Toni_Borriol.png\" class=\"attachment-large size-large wp-image-3603\" alt=\"producci\u00f3n-solar-borriol-castellon\" srcset=\"https:\/\/www.direnergy.net\/wp-content\/uploads\/2022\/02\/Produccio_Toni_Borriol.png 563w, https:\/\/www.direnergy.net\/wp-content\/uploads\/2022\/02\/Produccio_Toni_Borriol-300x137.png 300w\" sizes=\"(max-width: 563px) 100vw, 563px\" \/>\t\t\t\t\t\t\t\t\t\t\t<figcaption class=\"widget-image-caption wp-caption-text\">Producci\u00f3n solar Borriol.<\/figcaption>\n\t\t\t\t\t\t\t\t\t\t<\/figure>\n\t\t\t\t\t\t\t\t\t<\/div>\n\t\t\t\t<\/div>\n\t\t\t\t\t<\/div>\n\t\t<\/div>\n\t\t\t\t\t<\/div>\n\t\t<\/section>\n\t\t\t\t<section class=\"elementor-section elementor-top-section elementor-element elementor-element-c1402d9 elementor-section-boxed elementor-section-height-default elementor-section-height-default\" data-id=\"c1402d9\" data-element_type=\"section\">\n\t\t\t\t\t\t<div class=\"elementor-container elementor-column-gap-default\">\n\t\t\t\t\t<div class=\"elementor-column elementor-col-100 elementor-top-column elementor-element elementor-element-0bbe8b3\" data-id=\"0bbe8b3\" data-element_type=\"column\">\n\t\t\t<div class=\"elementor-widget-wrap elementor-element-populated\">\n\t\t\t\t\t\t<div class=\"elementor-element elementor-element-b09ca8b elementor-widget elementor-widget-text-editor\" data-id=\"b09ca8b\" data-element_type=\"widget\" data-widget_type=\"text-editor.default\">\n\t\t\t\t<div class=\"elementor-widget-container\">\n\t\t\t\t\t\t\t\t\t<p class=\"MsoNormal\"><span style=\"font-size: 13.0pt; line-height: 107%;\">\u00bfTienes dudas sobre como dimensionar tu instalaci\u00f3n solar aislada? En <\/span><span style=\"color: #3089e9;\"><a style=\"color: #3089e9;\" href=\"https:\/\/www.direnergy.net\/index.php\/contacto\/\"><span style=\"font-size: 13.0pt; line-height: 107%;\">DIRENERGY<\/span><\/a><\/span><span style=\"font-size: 13.0pt; line-height: 107%;\"> nos dedicamos al asesoramiento energ\u00e9tico sin compromisos.<br \/>Si tu tambi\u00e9n quieres disfrutar de una energ\u00eda sostenible con el planeta, <\/span><span style=\"color: #3089e9;\"><a style=\"color: #3089e9;\" href=\"https:\/\/www.direnergy.net\/index.php\/contacto\/\"><span style=\"font-size: 13.0pt; line-height: 107%;\">contacte<\/span><\/a><\/span><span style=\"font-size: 13.0pt; line-height: 107%;\"><span style=\"color: #3089e9;\"> con nosotros<\/span>.<\/span><\/p>\t\t\t\t\t\t\t\t<\/div>\n\t\t\t\t<\/div>\n\t\t\t\t\t<\/div>\n\t\t<\/div>\n\t\t\t\t\t<\/div>\n\t\t<\/section>\n\t\t\t\t<\/div>\n\t\t","protected":false},"excerpt":{"rendered":"<p>Cambio de dimensiones de la instalaci\u00f3n aislada de esta vivienda en Borriol (Castell\u00f3), con cambio de bater\u00edas y adici\u00f3n de placas solares.<\/p>\n","protected":false},"author":7,"featured_media":3600,"comment_status":"open","ping_status":"open","sticky":false,"template":"","format":"standard","meta":{"ocean_post_layout":"","ocean_both_sidebars_style":"","ocean_both_sidebars_content_width":0,"ocean_both_sidebars_sidebars_width":0,"ocean_sidebar":"","ocean_second_sidebar":"","ocean_disable_margins":"enable","ocean_add_body_class":"","ocean_shortcode_before_top_bar":"","ocean_shortcode_after_top_bar":"","ocean_shortcode_before_header":"","ocean_shortcode_after_header":"","ocean_has_shortcode":"","ocean_shortcode_after_title":"","ocean_shortcode_before_footer_widgets":"","ocean_shortcode_after_footer_widgets":"","ocean_shortcode_before_footer_bottom":"","ocean_shortcode_after_footer_bottom":"","ocean_display_top_bar":"default","ocean_display_header":"default","ocean_header_style":"","ocean_center_header_left_menu":"","ocean_custom_header_template":"","ocean_custom_logo":0,"ocean_custom_retina_logo":0,"ocean_custom_logo_max_width":0,"ocean_custom_logo_tablet_max_width":0,"ocean_custom_logo_mobile_max_width":0,"ocean_custom_logo_max_height":0,"ocean_custom_logo_tablet_max_height":0,"ocean_custom_logo_mobile_max_height":0,"ocean_header_custom_menu":"","ocean_menu_typo_font_family":"","ocean_menu_typo_font_subset":"","ocean_menu_typo_font_size":0,"ocean_menu_typo_font_size_tablet":0,"ocean_menu_typo_font_size_mobile":0,"ocean_menu_typo_font_size_unit":"px","ocean_menu_typo_font_weight":"","ocean_menu_typo_font_weight_tablet":"","ocean_menu_typo_font_weight_mobile":"","ocean_menu_typo_transform":"","ocean_menu_typo_transform_tablet":"","ocean_menu_typo_transform_mobile":"","ocean_menu_typo_line_height":0,"ocean_menu_typo_line_height_tablet":0,"ocean_menu_typo_line_height_mobile":0,"ocean_menu_typo_line_height_unit":"","ocean_menu_typo_spacing":0,"ocean_menu_typo_spacing_tablet":0,"ocean_menu_typo_spacing_mobile":0,"ocean_menu_typo_spacing_unit":"","ocean_menu_link_color":"","ocean_menu_link_color_hover":"","ocean_menu_link_color_active":"","ocean_menu_link_background":"","ocean_menu_link_hover_background":"","ocean_menu_link_active_background":"","ocean_menu_social_links_bg":"","ocean_menu_social_hover_links_bg":"","ocean_menu_social_links_color":"","ocean_menu_social_hover_links_color":"","ocean_disable_title":"default","ocean_disable_heading":"default","ocean_post_title":"","ocean_post_subheading":"","ocean_post_title_style":"","ocean_post_title_background_color":"","ocean_post_title_background":0,"ocean_post_title_bg_image_position":"","ocean_post_title_bg_image_attachment":"","ocean_post_title_bg_image_repeat":"","ocean_post_title_bg_image_size":"","ocean_post_title_height":0,"ocean_post_title_bg_overlay":0.5,"ocean_post_title_bg_overlay_color":"","ocean_disable_breadcrumbs":"default","ocean_breadcrumbs_color":"","ocean_breadcrumbs_separator_color":"","ocean_breadcrumbs_links_color":"","ocean_breadcrumbs_links_hover_color":"","ocean_display_footer_widgets":"default","ocean_display_footer_bottom":"default","ocean_custom_footer_template":"","_joinchat":[],"ocean_post_oembed":"","ocean_post_self_hosted_media":"","ocean_post_video_embed":"","ocean_link_format":"","ocean_link_format_target":"self","ocean_quote_format":"","ocean_quote_format_link":"post","ocean_gallery_link_images":"off","ocean_gallery_id":[],"footnotes":""},"categories":[119,81],"tags":[],"class_list":["post-3604","post","type-post","status-publish","format-standard","has-post-thumbnail","hentry","category-fotovoltaica-castellon","category-nuestras-instalaciones","entry","has-media","owp-thumbs-layout-horizontal","owp-btn-normal","owp-tabs-layout-horizontal","has-no-thumbnails","has-product-nav"],"_links":{"self":[{"href":"https:\/\/www.direnergy.net\/index.php\/wp-json\/wp\/v2\/posts\/3604","targetHints":{"allow":["GET"]}}],"collection":[{"href":"https:\/\/www.direnergy.net\/index.php\/wp-json\/wp\/v2\/posts"}],"about":[{"href":"https:\/\/www.direnergy.net\/index.php\/wp-json\/wp\/v2\/types\/post"}],"author":[{"embeddable":true,"href":"https:\/\/www.direnergy.net\/index.php\/wp-json\/wp\/v2\/users\/7"}],"replies":[{"embeddable":true,"href":"https:\/\/www.direnergy.net\/index.php\/wp-json\/wp\/v2\/comments?post=3604"}],"version-history":[{"count":31,"href":"https:\/\/www.direnergy.net\/index.php\/wp-json\/wp\/v2\/posts\/3604\/revisions"}],"predecessor-version":[{"id":4723,"href":"https:\/\/www.direnergy.net\/index.php\/wp-json\/wp\/v2\/posts\/3604\/revisions\/4723"}],"wp:featuredmedia":[{"embeddable":true,"href":"https:\/\/www.direnergy.net\/index.php\/wp-json\/wp\/v2\/media\/3600"}],"wp:attachment":[{"href":"https:\/\/www.direnergy.net\/index.php\/wp-json\/wp\/v2\/media?parent=3604"}],"wp:term":[{"taxonomy":"category","embeddable":true,"href":"https:\/\/www.direnergy.net\/index.php\/wp-json\/wp\/v2\/categories?post=3604"},{"taxonomy":"post_tag","embeddable":true,"href":"https:\/\/www.direnergy.net\/index.php\/wp-json\/wp\/v2\/tags?post=3604"}],"curies":[{"name":"wp","href":"https:\/\/api.w.org\/{rel}","templated":true}]}}