{"id":3521,"date":"2022-01-31T09:49:54","date_gmt":"2022-01-31T08:49:54","guid":{"rendered":"https:\/\/www.direnergy.net\/?p=3521"},"modified":"2024-03-01T08:14:44","modified_gmt":"2024-03-01T07:14:44","slug":"instalacion-autoconsumo-domestico-vall-duixo","status":"publish","type":"post","link":"https:\/\/www.direnergy.net\/index.php\/blog\/instalacion-autoconsumo-domestico-vall-duixo\/","title":{"rendered":"Instalaci\u00f3n autoconsumo dom\u00e9stico Vall d\u2019Uix\u00f3"},"content":{"rendered":"\t\t<div data-elementor-type=\"wp-post\" data-elementor-id=\"3521\" class=\"elementor elementor-3521\" data-elementor-post-type=\"post\">\n\t\t\t\t\t\t<section class=\"elementor-section elementor-top-section elementor-element elementor-element-b8fdc95 elementor-section-boxed elementor-section-height-default elementor-section-height-default\" data-id=\"b8fdc95\" data-element_type=\"section\">\n\t\t\t\t\t\t<div class=\"elementor-container elementor-column-gap-default\">\n\t\t\t\t\t<div class=\"elementor-column elementor-col-100 elementor-top-column elementor-element elementor-element-ea03f70\" data-id=\"ea03f70\" data-element_type=\"column\">\n\t\t\t<div class=\"elementor-widget-wrap elementor-element-populated\">\n\t\t\t\t\t\t<div class=\"elementor-element elementor-element-571abad elementor-widget elementor-widget-text-editor\" data-id=\"571abad\" data-element_type=\"widget\" data-widget_type=\"text-editor.default\">\n\t\t\t\t<div class=\"elementor-widget-container\">\n\t\t\t\t\t\t\t\t\t<p class=\"MsoNormal\"><span style=\"font-size: 13.0pt; line-height: 107%;\">\u00bfSab\u00edan que pueden almacenar la energ\u00eda excedente producida en su instalaci\u00f3n para autoconsumo? Gracias a la utilizaci\u00f3n de inversores h\u00edbridos (inversor + bater\u00eda + gesti\u00f3n inteligente), nuestro cliente de <\/span><a href=\"http:\/\/www.lavallduixo.es\/\"><span style=\"font-size: 13.0pt; line-height: 107%;\">Vall d\u2019Uix\u00f3<\/span><\/a><span style=\"font-size: 13.0pt; line-height: 107%;\"> (<\/span><a href=\"https:\/\/es.wikipedia.org\/wiki\/Castell%C3%B3n_de_la_Plana\"><span style=\"font-size: 13.0pt; line-height: 107%;\">Castell\u00f3<\/span><\/a><span style=\"font-size: 13.0pt; line-height: 107%;\">), adem\u00e1s de ahorrar en su factura de luz, utiliza energ\u00eda solar acumulada en la bater\u00eda del inversor h\u00edbrido <span style=\"color: #3089e9;\"><a style=\"color: #3089e9;\" href=\"https:\/\/ampere-energy.es\/\">Ampere Energy<\/a><\/span>.<\/span><\/p>\t\t\t\t\t\t\t\t<\/div>\n\t\t\t\t<\/div>\n\t\t\t\t\t<\/div>\n\t\t<\/div>\n\t\t\t\t\t<\/div>\n\t\t<\/section>\n\t\t\t\t<section class=\"elementor-section elementor-top-section elementor-element elementor-element-ab9b03d elementor-section-boxed elementor-section-height-default elementor-section-height-default\" data-id=\"ab9b03d\" data-element_type=\"section\">\n\t\t\t\t\t\t<div class=\"elementor-container elementor-column-gap-default\">\n\t\t\t\t\t<div class=\"elementor-column elementor-col-100 elementor-top-column elementor-element elementor-element-971fcf5\" data-id=\"971fcf5\" data-element_type=\"column\">\n\t\t\t<div class=\"elementor-widget-wrap elementor-element-populated\">\n\t\t\t\t\t\t<div class=\"elementor-element elementor-element-e29602c elementor-arrows-position-inside elementor-pagination-position-outside elementor-widget elementor-widget-image-carousel\" data-id=\"e29602c\" data-element_type=\"widget\" data-settings=\"{&quot;slides_to_show&quot;:&quot;1&quot;,&quot;navigation&quot;:&quot;both&quot;,&quot;autoplay&quot;:&quot;yes&quot;,&quot;pause_on_hover&quot;:&quot;yes&quot;,&quot;pause_on_interaction&quot;:&quot;yes&quot;,&quot;autoplay_speed&quot;:5000,&quot;infinite&quot;:&quot;yes&quot;,&quot;effect&quot;:&quot;slide&quot;,&quot;speed&quot;:500}\" data-widget_type=\"image-carousel.default\">\n\t\t\t\t<div class=\"elementor-widget-container\">\n\t\t\t\t\t\t\t<div class=\"elementor-image-carousel-wrapper swiper\" role=\"region\" aria-roledescription=\"carousel\" aria-label=\"Carrusel de im\u00e1genes\" dir=\"ltr\">\n\t\t\t<div class=\"elementor-image-carousel swiper-wrapper\" aria-live=\"off\">\n\t\t\t\t\t\t\t\t<div class=\"swiper-slide\" role=\"group\" aria-roledescription=\"slide\" aria-label=\"1 de 4\"><figure class=\"swiper-slide-inner\"><img decoding=\"async\" class=\"swiper-slide-image\" src=\"https:\/\/www.direnergy.net\/wp-content\/uploads\/elementor\/thumbs\/1633101471947_retocada-pjo7l5nqx1grtgx3o95m5qnv8wx8qgc3avttybr0u8.jpg\" alt=\"placas-solares-vall-uixo-castello\" \/><figcaption class=\"elementor-image-carousel-caption\">M\u00f3dulos fotovoltaicos instalados<\/figcaption><\/figure><\/div><div class=\"swiper-slide\" role=\"group\" aria-roledescription=\"slide\" aria-label=\"2 de 4\"><figure class=\"swiper-slide-inner\"><img decoding=\"async\" class=\"swiper-slide-image\" src=\"https:\/\/www.direnergy.net\/wp-content\/uploads\/elementor\/thumbs\/1633101471959-pjo7ky51ed6h8l80w5wllsk6htyb0vi8luly442680.jpg\" alt=\"estructuras-placas-solares-vall-uixo-castello\" \/><figcaption class=\"elementor-image-carousel-caption\">Montaje e instalaci\u00f3n de estructuras<\/figcaption><\/figure><\/div><div class=\"swiper-slide\" role=\"group\" aria-roledescription=\"slide\" aria-label=\"3 de 4\"><figure class=\"swiper-slide-inner\"><img decoding=\"async\" class=\"swiper-slide-image\" src=\"https:\/\/www.direnergy.net\/wp-content\/uploads\/elementor\/thumbs\/1634223505873-pjo72qzj2u9mgdno5spmtvvwg9ngzu9brrwim91kow.jpg\" alt=\"inversor-hibrido-vall-uixo-castellon\" \/><figcaption class=\"elementor-image-carousel-caption\">Elementos Inversor Ampere Energy<\/figcaption><\/figure><\/div><div class=\"swiper-slide\" role=\"group\" aria-roledescription=\"slide\" aria-label=\"4 de 4\"><figure class=\"swiper-slide-inner\"><img decoding=\"async\" class=\"swiper-slide-image\" src=\"https:\/\/www.direnergy.net\/wp-content\/uploads\/elementor\/thumbs\/1634223505861-pjo7k9p8go90uq7iuvcasyq71targqt7uhnbmx2eps.jpg\" alt=\"inversor-solar-ampere-energy-castellon\" \/><figcaption class=\"elementor-image-carousel-caption\">Inversor Ampere Energy<\/figcaption><\/figure><\/div>\t\t\t<\/div>\n\t\t\t\t\t\t\t\t\t\t\t\t<div class=\"elementor-swiper-button elementor-swiper-button-prev\" role=\"button\" tabindex=\"0\">\n\t\t\t\t\t\t<i aria-hidden=\"true\" class=\"eicon-chevron-left\"><\/i>\t\t\t\t\t<\/div>\n\t\t\t\t\t<div class=\"elementor-swiper-button elementor-swiper-button-next\" role=\"button\" tabindex=\"0\">\n\t\t\t\t\t\t<i aria-hidden=\"true\" class=\"eicon-chevron-right\"><\/i>\t\t\t\t\t<\/div>\n\t\t\t\t\n\t\t\t\t\t\t\t\t\t<div class=\"swiper-pagination\"><\/div>\n\t\t\t\t\t\t\t\t\t<\/div>\n\t\t\t\t\t\t<\/div>\n\t\t\t\t<\/div>\n\t\t\t\t\t<\/div>\n\t\t<\/div>\n\t\t\t\t\t<\/div>\n\t\t<\/section>\n\t\t\t\t<section class=\"elementor-section elementor-top-section elementor-element elementor-element-0e0c779 elementor-section-boxed elementor-section-height-default elementor-section-height-default\" data-id=\"0e0c779\" data-element_type=\"section\">\n\t\t\t\t\t\t<div class=\"elementor-container elementor-column-gap-default\">\n\t\t\t\t\t<div class=\"elementor-column elementor-col-100 elementor-top-column elementor-element elementor-element-3ae7f13\" data-id=\"3ae7f13\" data-element_type=\"column\">\n\t\t\t<div class=\"elementor-widget-wrap elementor-element-populated\">\n\t\t\t\t\t\t<div class=\"elementor-element elementor-element-d95fbc5 elementor-widget elementor-widget-text-editor\" data-id=\"d95fbc5\" data-element_type=\"widget\" data-widget_type=\"text-editor.default\">\n\t\t\t\t<div class=\"elementor-widget-container\">\n\t\t\t\t\t\t\t\t\t<h2>Elementos de la instalaci\u00f3n<\/h2><ul><li><strong>Paneles solares:<\/strong><ul><li><strong>Strings<\/strong>: 1<\/li><li><strong>Cantidad<\/strong>: 10<\/li><li><strong>Modelo<\/strong>: JA Solar JAM72S20-450<\/li><li><strong>Caracter\u00edsticas<\/strong>: m\u00f3dulos monocristalinos de media celda. Marco plateado. 450 W.<\/li><\/ul><\/li><li><strong>Inversor solar: <\/strong><a href=\"https:\/\/ampere-energy.es\/es-es\/our_systems\/sems_square_pro#Our-Systems\"><span style=\"color: #3089e9;\">inversor solar h\u00edbrido monof\u00e1sico Ampgy Square Pro 6.5. Bateria de litio de 6 kW<\/span>. EMS y vat\u00edmetro.<\/a><\/li><\/ul><h2>Caracter\u00edsticas de la instalaci\u00f3n solar<\/h2><ul><li><strong>Potencia total instalada:<\/strong> <strong>:<\/strong> 4.500 Wp<\/li><li><strong>Orientaci\u00f3n (azimuth):<\/strong> 4\u00ba<\/li><li><strong>Inclinaci\u00f3n:<\/strong> 30\u00ba<\/li><li><strong>Producci\u00f3n estimada: <\/strong>7.162 kWh<\/li><\/ul>\t\t\t\t\t\t\t\t<\/div>\n\t\t\t\t<\/div>\n\t\t\t\t\t<\/div>\n\t\t<\/div>\n\t\t\t\t\t<\/div>\n\t\t<\/section>\n\t\t\t\t<section class=\"elementor-section elementor-top-section elementor-element elementor-element-5ade8ad elementor-section-boxed elementor-section-height-default elementor-section-height-default\" data-id=\"5ade8ad\" data-element_type=\"section\">\n\t\t\t\t\t\t<div class=\"elementor-container elementor-column-gap-default\">\n\t\t\t\t\t<div class=\"elementor-column elementor-col-100 elementor-top-column elementor-element elementor-element-053132b\" data-id=\"053132b\" data-element_type=\"column\">\n\t\t\t<div class=\"elementor-widget-wrap elementor-element-populated\">\n\t\t\t\t\t\t<div class=\"elementor-element elementor-element-e9fe6af elementor-widget elementor-widget-image\" data-id=\"e9fe6af\" data-element_type=\"widget\" data-widget_type=\"image.default\">\n\t\t\t\t<div class=\"elementor-widget-container\">\n\t\t\t\t\t\t\t\t\t\t\t\t<figure class=\"wp-caption\">\n\t\t\t\t\t\t\t\t\t\t<img fetchpriority=\"high\" decoding=\"async\" width=\"851\" height=\"449\" src=\"https:\/\/www.direnergy.net\/wp-content\/uploads\/2022\/01\/Produccio_solar_Vall_Uixo-1.png\" class=\"attachment-large size-large wp-image-3532\" alt=\"produccio-solar-vall-uixo-castellon\" srcset=\"https:\/\/www.direnergy.net\/wp-content\/uploads\/2022\/01\/Produccio_solar_Vall_Uixo-1.png 851w, https:\/\/www.direnergy.net\/wp-content\/uploads\/2022\/01\/Produccio_solar_Vall_Uixo-1-300x158.png 300w, https:\/\/www.direnergy.net\/wp-content\/uploads\/2022\/01\/Produccio_solar_Vall_Uixo-1-768x405.png 768w, https:\/\/www.direnergy.net\/wp-content\/uploads\/2022\/01\/Produccio_solar_Vall_Uixo-1-600x317.png 600w, https:\/\/www.direnergy.net\/wp-content\/uploads\/2022\/01\/Produccio_solar_Vall_Uixo-1-114x60.png 114w, https:\/\/www.direnergy.net\/wp-content\/uploads\/2022\/01\/Produccio_solar_Vall_Uixo-1-171x90.png 171w\" sizes=\"(max-width: 851px) 100vw, 851px\" \/>\t\t\t\t\t\t\t\t\t\t\t<figcaption class=\"widget-image-caption wp-caption-text\">Producci\u00f3n Solar Vall d'Uix\u00f3<\/figcaption>\n\t\t\t\t\t\t\t\t\t\t<\/figure>\n\t\t\t\t\t\t\t\t\t<\/div>\n\t\t\t\t<\/div>\n\t\t\t\t\t<\/div>\n\t\t<\/div>\n\t\t\t\t\t<\/div>\n\t\t<\/section>\n\t\t\t\t<section class=\"elementor-section elementor-top-section elementor-element elementor-element-e5d8f99 elementor-section-boxed elementor-section-height-default elementor-section-height-default\" data-id=\"e5d8f99\" data-element_type=\"section\">\n\t\t\t\t\t\t<div class=\"elementor-container elementor-column-gap-default\">\n\t\t\t\t\t<div class=\"elementor-column elementor-col-100 elementor-top-column elementor-element elementor-element-01886e0\" data-id=\"01886e0\" data-element_type=\"column\">\n\t\t\t<div class=\"elementor-widget-wrap elementor-element-populated\">\n\t\t\t\t\t\t<div class=\"elementor-element elementor-element-000fed7 elementor-widget elementor-widget-text-editor\" data-id=\"000fed7\" data-element_type=\"widget\" data-widget_type=\"text-editor.default\">\n\t\t\t\t<div class=\"elementor-widget-container\">\n\t\t\t\t\t\t\t\t\t<h2>Subvenciones aplicables<\/h2><ul><li>Bonificaci\u00f3n del <a href=\"http:\/\/www.lavallduixo.es\/content\/ordenanzas-fiscales\"><strong>10% del IBI durante 3 a\u00f1os<\/strong> del ayuntamiento de Vall d\u2019Uix\u00f3<\/a>.<\/li><li>Deducci\u00f3n del <strong>40% en la declaraci\u00f3n del IRPF<\/strong> para primeras residencias. Para saber m\u00e1s sobre c\u00f3mo se aplica la ayuda clica <a href=\"https:\/\/www.direnergy.net\/index.php\/blog\/manual-deduccion-ivace-renovables\/\"><span style=\"color: #3089e9;\">aqu\u00ed<\/span><\/a>.<\/li><\/ul><p>En\u00a0<span style=\"color: #3089e9;\"><a style=\"color: #3089e9;\" href=\"https:\/\/www.direnergy.net\/\">DIRENERGY<\/a> <\/span>somos especialistas en soluciones de autoconsumo el\u00e9ctrico y sostenibilidad. Si usted tambi\u00e9n quiere empezar a producir energ\u00eda solar y ahorrar en su factura de luz, no dude en <a href=\"https:\/\/www.direnergy.net\/index.php\/contacto\/\">contactar con nosotros<\/a>. Estaremos encantados de atenderle.<\/p>\t\t\t\t\t\t\t\t<\/div>\n\t\t\t\t<\/div>\n\t\t\t\t\t<\/div>\n\t\t<\/div>\n\t\t\t\t\t<\/div>\n\t\t<\/section>\n\t\t\t\t<\/div>\n\t\t","protected":false},"excerpt":{"rendered":"<p>Instalaci\u00f3n h\u00edbrida para autoconsumo con acumulaci\u00f3n de energ\u00eda excedente en la localidad de Vall d&#8217;Uix\u00f3 (Castell\u00f3n).<\/p>\n","protected":false},"author":7,"featured_media":3524,"comment_status":"open","ping_status":"open","sticky":false,"template":"","format":"standard","meta":{"ocean_post_layout":"","ocean_both_sidebars_style":"","ocean_both_sidebars_content_width":0,"ocean_both_sidebars_sidebars_width":0,"ocean_sidebar":"","ocean_second_sidebar":"","ocean_disable_margins":"enable","ocean_add_body_class":"","ocean_shortcode_before_top_bar":"","ocean_shortcode_after_top_bar":"","ocean_shortcode_before_header":"","ocean_shortcode_after_header":"","ocean_has_shortcode":"","ocean_shortcode_after_title":"","ocean_shortcode_before_footer_widgets":"","ocean_shortcode_after_footer_widgets":"","ocean_shortcode_before_footer_bottom":"","ocean_shortcode_after_footer_bottom":"","ocean_display_top_bar":"default","ocean_display_header":"default","ocean_header_style":"","ocean_center_header_left_menu":"","ocean_custom_header_template":"","ocean_custom_logo":0,"ocean_custom_retina_logo":0,"ocean_custom_logo_max_width":0,"ocean_custom_logo_tablet_max_width":0,"ocean_custom_logo_mobile_max_width":0,"ocean_custom_logo_max_height":0,"ocean_custom_logo_tablet_max_height":0,"ocean_custom_logo_mobile_max_height":0,"ocean_header_custom_menu":"","ocean_menu_typo_font_family":"","ocean_menu_typo_font_subset":"","ocean_menu_typo_font_size":0,"ocean_menu_typo_font_size_tablet":0,"ocean_menu_typo_font_size_mobile":0,"ocean_menu_typo_font_size_unit":"px","ocean_menu_typo_font_weight":"","ocean_menu_typo_font_weight_tablet":"","ocean_menu_typo_font_weight_mobile":"","ocean_menu_typo_transform":"","ocean_menu_typo_transform_tablet":"","ocean_menu_typo_transform_mobile":"","ocean_menu_typo_line_height":0,"ocean_menu_typo_line_height_tablet":0,"ocean_menu_typo_line_height_mobile":0,"ocean_menu_typo_line_height_unit":"","ocean_menu_typo_spacing":0,"ocean_menu_typo_spacing_tablet":0,"ocean_menu_typo_spacing_mobile":0,"ocean_menu_typo_spacing_unit":"","ocean_menu_link_color":"","ocean_menu_link_color_hover":"","ocean_menu_link_color_active":"","ocean_menu_link_background":"","ocean_menu_link_hover_background":"","ocean_menu_link_active_background":"","ocean_menu_social_links_bg":"","ocean_menu_social_hover_links_bg":"","ocean_menu_social_links_color":"","ocean_menu_social_hover_links_color":"","ocean_disable_title":"default","ocean_disable_heading":"default","ocean_post_title":"","ocean_post_subheading":"","ocean_post_title_style":"","ocean_post_title_background_color":"","ocean_post_title_background":0,"ocean_post_title_bg_image_position":"","ocean_post_title_bg_image_attachment":"","ocean_post_title_bg_image_repeat":"","ocean_post_title_bg_image_size":"","ocean_post_title_height":0,"ocean_post_title_bg_overlay":0.5,"ocean_post_title_bg_overlay_color":"","ocean_disable_breadcrumbs":"default","ocean_breadcrumbs_color":"","ocean_breadcrumbs_separator_color":"","ocean_breadcrumbs_links_color":"","ocean_breadcrumbs_links_hover_color":"","ocean_display_footer_widgets":"default","ocean_display_footer_bottom":"default","ocean_custom_footer_template":"","_joinchat":[],"ocean_post_oembed":"","ocean_post_self_hosted_media":"","ocean_post_video_embed":"","ocean_link_format":"","ocean_link_format_target":"self","ocean_quote_format":"","ocean_quote_format_link":"post","ocean_gallery_link_images":"off","ocean_gallery_id":[],"footnotes":""},"categories":[119,81],"tags":[],"class_list":["post-3521","post","type-post","status-publish","format-standard","has-post-thumbnail","hentry","category-fotovoltaica-castellon","category-nuestras-instalaciones","entry","has-media","owp-thumbs-layout-horizontal","owp-btn-normal","owp-tabs-layout-horizontal","has-no-thumbnails","has-product-nav"],"_links":{"self":[{"href":"https:\/\/www.direnergy.net\/index.php\/wp-json\/wp\/v2\/posts\/3521","targetHints":{"allow":["GET"]}}],"collection":[{"href":"https:\/\/www.direnergy.net\/index.php\/wp-json\/wp\/v2\/posts"}],"about":[{"href":"https:\/\/www.direnergy.net\/index.php\/wp-json\/wp\/v2\/types\/post"}],"author":[{"embeddable":true,"href":"https:\/\/www.direnergy.net\/index.php\/wp-json\/wp\/v2\/users\/7"}],"replies":[{"embeddable":true,"href":"https:\/\/www.direnergy.net\/index.php\/wp-json\/wp\/v2\/comments?post=3521"}],"version-history":[{"count":27,"href":"https:\/\/www.direnergy.net\/index.php\/wp-json\/wp\/v2\/posts\/3521\/revisions"}],"predecessor-version":[{"id":4709,"href":"https:\/\/www.direnergy.net\/index.php\/wp-json\/wp\/v2\/posts\/3521\/revisions\/4709"}],"wp:featuredmedia":[{"embeddable":true,"href":"https:\/\/www.direnergy.net\/index.php\/wp-json\/wp\/v2\/media\/3524"}],"wp:attachment":[{"href":"https:\/\/www.direnergy.net\/index.php\/wp-json\/wp\/v2\/media?parent=3521"}],"wp:term":[{"taxonomy":"category","embeddable":true,"href":"https:\/\/www.direnergy.net\/index.php\/wp-json\/wp\/v2\/categories?post=3521"},{"taxonomy":"post_tag","embeddable":true,"href":"https:\/\/www.direnergy.net\/index.php\/wp-json\/wp\/v2\/tags?post=3521"}],"curies":[{"name":"wp","href":"https:\/\/api.w.org\/{rel}","templated":true}]}}